[{"@context":"https:\/\/schema.org\/","@type":"Article","@id":"https:\/\/www.adoniel.cz\/cesky-hudebni-festival-v-rumunsku\/#Article","mainEntityOfPage":"https:\/\/www.adoniel.cz\/cesky-hudebni-festival-v-rumunsku\/","headline":"\u010cesk\u00fd hudebn\u00ed festival v Rumunsku","name":"\u010cesk\u00fd hudebn\u00ed festival v Rumunsku","description":"\u010ce\u0161i se do Ban\u00e1tu dostali v\u00a019. stolet\u00ed v r\u00e1mci kolonizace, kdy\u017e \u00fazem\u00ed bylo do\u010dasn\u011b p\u0159id\u011bleno Uhersku, a z\u00a0hospod\u00e1\u0159sk\u00e9ho i strategick\u00e9ho hlediska bylo zalidn\u011bn\u00ed nutnost\u00ed. Aby na ur\u010den\u00e9m m\u00edst\u011b mohli vyst\u011bhovalci v\u016fbec obd\u011bl\u00e1vat p\u016fdu, museli nejprve vyk\u00e1cet \u010d\u00e1sti les\u016f. K\u00a0bydlen\u00ed si postavili jednoduch\u00e1 obydl\u00ed ze d\u0159eva a hl\u00edny. Celkem prob\u011bhly t\u0159i vlny kolonizace, a tak vzniklo","datePublished":"2025-02-28","dateModified":"2023-05-04","author":{"@type":"Person","@id":"https:\/\/www.adoniel.cz\/author\/#Person","name":"","url":"https:\/\/www.adoniel.cz\/author\/","identifier":1,"image":{"@type":"ImageObject","@id":"https:\/\/secure.gravatar.com\/avatar\/4faace62981be50719be6a25151192978e6d585737a520836dcb98934de3bb45?s=96&d=mm&r=g","url":"https:\/\/secure.gravatar.com\/avatar\/4faace62981be50719be6a25151192978e6d585737a520836dcb98934de3bb45?s=96&d=mm&r=g","height":96,"width":96}},"publisher":{"@type":"Organization","name":"adoniel.cz","logo":{"@type":"ImageObject","@id":"\/logo.png","url":"\/logo.png","width":600,"height":60}},"image":{"@type":"ImageObject","@id":"https:\/\/www.adoniel.cz\/wp-content\/uploads\/img_a330984_w2719_t1543403103.jpg","url":"https:\/\/www.adoniel.cz\/wp-content\/uploads\/img_a330984_w2719_t1543403103.jpg","height":0,"width":0},"url":"https:\/\/www.adoniel.cz\/cesky-hudebni-festival-v-rumunsku\/","wordCount":400,"articleBody":"\u010ce\u0161i se do Ban\u00e1tu dostali v\u00a019. stolet\u00ed v r\u00e1mci kolonizace, kdy\u017e \u00fazem\u00ed bylo do\u010dasn\u011b p\u0159id\u011bleno Uhersku, a z\u00a0hospod\u00e1\u0159sk\u00e9ho i strategick\u00e9ho hlediska bylo zalidn\u011bn\u00ed nutnost\u00ed. Aby na ur\u010den\u00e9m m\u00edst\u011b mohli vyst\u011bhovalci v\u016fbec obd\u011bl\u00e1vat p\u016fdu, museli nejprve vyk\u00e1cet \u010d\u00e1sti les\u016f. K\u00a0bydlen\u00ed si postavili jednoduch\u00e1 obydl\u00ed ze d\u0159eva a hl\u00edny.Celkem prob\u011bhly t\u0159i vlny kolonizace, a tak vzniklo na jihu t\u00e9to hornat\u00e9 oblasti n\u011bkolik vesnic, z\u00a0nich\u017e 6 se dochovalo dodnes. Je to Svat\u00e1 Helena, Gern\u00edk, Rovensko, B\u00edgr, Einbent\u00e1l a \u0160umice. \u017dije tu okolo 2500 etnick\u00fdch \u010cech\u016f, kte\u0159\u00ed i po v\u00edce ne\u017e 150 letech odluky hovo\u0159\u00ed svou mate\u0159\u0161tinou. Vesnice dodnes \u017eij\u00ed p\u0159ev\u00e1\u017en\u011b ze zem\u011bd\u011blstv\u00ed, k\u00a0obd\u011bl\u00e1v\u00e1n\u00ed pol\u00ed se pou\u017e\u00edvaj\u00ed ko\u0148sk\u00e9 nebo kravsk\u00e9 povozy.Pr\u00e1v\u011b v\u00a0Einbent\u00e1lu se festival kon\u00e1. Zalo\u017eil jej \u0160t\u011bp\u00e1n Slan\u00fd (\u010desk\u00fd florbalista a reprezentant \u010cR), a realizoval jej ve spolupr\u00e1ci s\u00a0Janem Dubnem, a m\u00edstn\u00edm rod\u00e1kem Tiberiu Posp\u00ed\u0161ilem. Ban\u00e1t, kde m\u00e1 rodinu jeho p\u0159\u00edtelkyn\u011b, si tak zamiloval, \u017ee se rozhodl tr\u00e1vit tam v\u00edce \u010dasu. Koupil tam starou chalupu, v\u00a0sou\u010dasnosti pom\u00e1h\u00e1 m\u00edstn\u00edm \u0161kol\u00e1m, a d\u00edky aktivit\u00e1m v\u00a0turismu a po\u0159\u00e1d\u00e1n\u00edm festivalu pom\u00e1h\u00e1 m\u00edstn\u00edm obyvatel\u016fm vyd\u011blat si podnik\u00e1n\u00edm na \u017eivobyt\u00ed. N\u00e1v\u0161t\u011bvn\u00edk\u016fm poskytuj\u00ed ubytov\u00e1n\u00ed a stravu, a ti si u nich mohou zakoupit dom\u00e1c\u00ed produkty. P\u0159i n\u00e1v\u0161t\u011bvnosti okolo 1100 fanou\u0161k\u016f a 200 \u010dlen\u016f kapel vysta\u010d\u00ed m\u00edstn\u00edm v\u00fdd\u011blek z\u00a0festivalu na n\u011bkolik m\u011bs\u00edc\u016f \u017eivobyt\u00ed.Na festival se z\u00a0\u010ceska m\u016f\u017eete dopravit po vlastn\u00ed ose, nebo vyu\u017e\u00edt speci\u00e1ln\u011b pro tuto ud\u00e1lost vypraven\u00e9ho vlaku. Ten je p\u016fl kilometru dlouh\u00fd, a veze jak n\u00e1v\u0161t\u011bvn\u00edky, tak i kapely. Na festivalu u\u017e si zahr\u00e1ly kapely jako M\u0148\u00e1ga a \u017d\u010forb, Divokej Bill, Wohnout, Zrn\u00ed a dal\u0161\u00ed.B\u011bhem festivalu se n\u00e1v\u0161t\u011bvn\u00edci mohou z\u00fa\u010dastnit doprovodn\u00fdch akc\u00ed, jako jsou v\u00fdlety do p\u0159\u00edrody, muzea, nebo n\u00e1v\u0161t\u011bva kulturn\u00edho domu, kde se konaj\u00ed r\u016fzn\u00e9 divadeln\u00ed hry nebo p\u0159edn\u00e1\u0161ky.                                                                                                                                                                                                                                                                                                                                                                                        4.2\/5 - (11 votes)        "},{"@context":"https:\/\/schema.org\/","@type":"BreadcrumbList","itemListElement":[{"@type":"ListItem","position":1,"name":"\u010cesk\u00fd hudebn\u00ed festival v Rumunsku","item":"https:\/\/www.adoniel.cz\/cesky-hudebni-festival-v-rumunsku\/#breadcrumbitem"}]}]