[{"@context":"https:\/\/schema.org\/","@type":"Article","@id":"https:\/\/www.adoniel.cz\/co-nesmi-chybet-v-obyvacim-pokoji\/#Article","mainEntityOfPage":"https:\/\/www.adoniel.cz\/co-nesmi-chybet-v-obyvacim-pokoji\/","headline":"Co nesm\u00ed chyb\u011bt v ob\u00fdvac\u00edm pokoji?","name":"Co nesm\u00ed chyb\u011bt v ob\u00fdvac\u00edm pokoji?","description":"B\u011bhem sv\u00e9ho \u017eivota jsem nav\u0161t\u00edvila n\u011bkolik rodin, kde by \u010dlov\u011bk jen st\u011b\u017e\u00ed h\u00e1dal, kter\u00fd z jejich pokoj\u016f je ten ob\u00fdvac\u00ed. Od toho tradi\u010dn\u00edho ob\u00fdv\u00e1ku, kter\u00fd jsem znala ze sv\u00e9ho \u017eivota, se ty jejich velmi li\u0161ily. P\u0159ipom\u00ednaly sp\u00ed\u0161e pracovnu nebo hernu nebo jakousi odpo\u010d\u00edv\u00e1rnu s \u010d\u00edt\u00e1rnou dohromady. Proti vkusu se ned\u00e1 nic nam\u00edtat. Ka\u017ed\u00fd m\u00e1me pr\u00e1vo","datePublished":"2018-06-13","dateModified":"2023-05-04","author":{"@type":"Person","@id":"https:\/\/www.adoniel.cz\/author\/#Person","name":"","url":"https:\/\/www.adoniel.cz\/author\/","identifier":1,"image":{"@type":"ImageObject","@id":"https:\/\/secure.gravatar.com\/avatar\/4faace62981be50719be6a25151192978e6d585737a520836dcb98934de3bb45?s=96&d=mm&r=g","url":"https:\/\/secure.gravatar.com\/avatar\/4faace62981be50719be6a25151192978e6d585737a520836dcb98934de3bb45?s=96&d=mm&r=g","height":96,"width":96}},"publisher":{"@type":"Organization","name":"adoniel.cz","logo":{"@type":"ImageObject","@id":"\/logo.png","url":"\/logo.png","width":600,"height":60}},"image":{"@type":"ImageObject","@id":"https:\/\/www.adoniel.cz\/wp-content\/uploads\/img_a320511_w2402_t1531769816.jpg","url":"https:\/\/www.adoniel.cz\/wp-content\/uploads\/img_a320511_w2402_t1531769816.jpg","height":0,"width":0},"url":"https:\/\/www.adoniel.cz\/co-nesmi-chybet-v-obyvacim-pokoji\/","about":["D\u016fm a byt"],"wordCount":413,"articleBody":"B\u011bhem sv\u00e9ho \u017eivota jsem nav\u0161t\u00edvila n\u011bkolik rodin, kde by \u010dlov\u011bk jen st\u011b\u017e\u00ed h\u00e1dal, kter\u00fd z jejich pokoj\u016f je ten ob\u00fdvac\u00ed. Od toho tradi\u010dn\u00edho ob\u00fdv\u00e1ku, kter\u00fd jsem znala ze sv\u00e9ho \u017eivota, se ty jejich velmi li\u0161ily. P\u0159ipom\u00ednaly sp\u00ed\u0161e pracovnu nebo hernu nebo jakousi odpo\u010d\u00edv\u00e1rnu s \u010d\u00edt\u00e1rnou dohromady. Proti vkusu se ned\u00e1 nic nam\u00edtat. Ka\u017ed\u00fd m\u00e1me pr\u00e1vo na to, za\u0159\u00eddit si sv\u016fj byt podle sebe.Kdy\u017e jsem byla mal\u00e1 a jezdila na pr\u00e1zdniny k babi\u010dce, do ob\u00fdvac\u00edho pokoje se skoro nesm\u011blo. Centrem \u017eivota byla kuchy\u0148 a i z n\u00ed se otev\u0159en\u00fdmi dve\u0159mi d\u00edvalo na televizi v ob\u00fdv\u00e1ku. Ten p\u0159ipom\u00ednal trochu muzeum. Nesm\u011blo se do n\u011bj chodit ani v dom\u00e1c\u00ed obuvi, zouvala se p\u0159ede dve\u0159mi. V\u011bci, kter\u00e9 se tam nach\u00e1zely, byly vlastn\u011b jen vystaven\u00e9, nikdy se nepou\u017eily. Z toho ve velk\u00e9 \u010d\u00e1sti dom\u00e1cnost\u00ed na\u0161t\u011bst\u00ed u\u017e se\u0161lo. V\u00fdstavn\u00ed vitr\u00edny se u\u017e jen tak nevid\u00ed, v\u011bt\u0161ina v\u011bc\u00ed je praktick\u00fdch nebo i sv\u00e1te\u010dn\u00edch, ale pou\u017e\u00edvaj\u00ed se.Aby mohl \u010dlov\u011bk mluvit o klasick\u00e9m ob\u00fdvac\u00edm pokoji, nem\u011bly by v n\u011bm chyb\u011bt ur\u010dit\u00e9 kusy n\u00e1bytku a za\u0159\u00edzen\u00ed. Kter\u00e9 to jsou?\u00b7 Sedac\u00ed soupravaB\u00fdv\u00e1 z\u00e1kladem ob\u00fdv\u00e1ku, abyste ho mohli ob\u00fdvat. V\u011bt\u0161inou se jedn\u00e1 o pohovku, kter\u00e1 je dopln\u011bn\u00e1 n\u011bjak\u00fdm taburetem nebo k\u0159esly. M\u016f\u017ee m\u00edt r\u016fzn\u00e9 rozm\u011bry nebo to b\u00fdt v\u00edcero pohovek, p\u0159\u00edpadn\u011b jen v\u00edcero k\u0159esel. M\u011blo by to b\u00fdt m\u00edsto setk\u00e1v\u00e1n\u00ed se s p\u0159\u00e1teli a m\u011blo by b\u00fdt pohodln\u00e9.\u00b7 Konferen\u010dn\u00ed stolekExistuje mnoho jeho variant a velikost\u00ed, je t\u0159eba ho p\u0159izp\u016fsobit prostoru a sedac\u00ed souprav\u011b .\u00b7 Televizn\u00ed stolekNemus\u00ed slou\u017eit jen pro televizi, ale t\u0159eba i pro hi-fi soupravu nebo pro po\u010d\u00edta\u010d. M\u011bl by se nach\u00e1zet proti sedac\u00ed souprav\u011b.\u00b7 Stojac\u00ed lampaSv\u011bteln\u00e1 dominanta ob\u00fdvac\u00edho pokoje, a\u0165 u\u017e stoj\u00ed u k\u0159esla nebo seda\u010dky.\u00b7 Z\u00e1v\u011bsn\u00e9 sk\u0159\u00ed\u0148kyP\u00e1r sk\u0159\u00edn\u011bk pro skleni\u010dky, bar s alkoholem, slan\u00e9 dobroty a dal\u0161\u00ed se v\u00e1m v\u017edycky bude hodit.                                                                                                                                                                                                                                                                                                                                                                                        4.5\/5 - (8 votes)        "},{"@context":"https:\/\/schema.org\/","@type":"BreadcrumbList","itemListElement":[{"@type":"ListItem","position":1,"name":"Co nesm\u00ed chyb\u011bt v ob\u00fdvac\u00edm pokoji?","item":"https:\/\/www.adoniel.cz\/co-nesmi-chybet-v-obyvacim-pokoji\/#breadcrumbitem"}]}]