[{"@context":"https:\/\/schema.org\/","@type":"Article","@id":"https:\/\/www.adoniel.cz\/jakym-stylem-se-uci-na-ceskych-skolach\/#Article","mainEntityOfPage":"https:\/\/www.adoniel.cz\/jakym-stylem-se-uci-na-ceskych-skolach\/","headline":"Jak\u00fdm stylem se u\u010d\u00ed na \u010desk\u00fdch \u0161kol\u00e1ch","name":"Jak\u00fdm stylem se u\u010d\u00ed na \u010desk\u00fdch \u0161kol\u00e1ch","description":"Ka\u017ed\u00fd pro\u0161el \u0161kolou a dodnes si jist\u011b pamatuje u\u010ditele stoj\u00edc\u00edho na stup\u00ednku a diktuj\u00edc\u00edho novou l\u00e1tku. V\u0161ichni \u017e\u00e1ci ti\u0161e sed\u00ed a sna\u017e\u00ed se zapsat si v\u0161e, co bylo \u0159e\u010deno. Probl\u00e9mem se v takov\u00e9m p\u0159\u00edpad\u011b st\u00e1v\u00e1 jen rychlost kantorovy mluvy. &#13; Pr\u00e1v\u011b tento obr\u00e1zek by se ale nem\u011bl ve v\u011bt\u0161\u00ed m\u00ed\u0159e na dne\u0161n\u00edch \u0161kol\u00e1ch vyskytovat. Snahou","datePublished":"2020-10-27","dateModified":"2023-05-04","author":{"@type":"Person","@id":"https:\/\/www.adoniel.cz\/author\/#Person","name":"","url":"https:\/\/www.adoniel.cz\/author\/","identifier":1,"image":{"@type":"ImageObject","@id":"https:\/\/secure.gravatar.com\/avatar\/4faace62981be50719be6a25151192978e6d585737a520836dcb98934de3bb45?s=96&d=mm&r=g","url":"https:\/\/secure.gravatar.com\/avatar\/4faace62981be50719be6a25151192978e6d585737a520836dcb98934de3bb45?s=96&d=mm&r=g","height":96,"width":96}},"publisher":{"@type":"Organization","name":"adoniel.cz","logo":{"@type":"ImageObject","@id":"\/logo.png","url":"\/logo.png","width":600,"height":60}},"url":"https:\/\/www.adoniel.cz\/jakym-stylem-se-uci-na-ceskych-skolach\/","about":["D\u011bti\r"],"wordCount":419,"articleBody":"Ka\u017ed\u00fd pro\u0161el \u0161kolou a dodnes si jist\u011b pamatuje u\u010ditele stoj\u00edc\u00edho na stup\u00ednku a diktuj\u00edc\u00edho novou l\u00e1tku. V\u0161ichni \u017e\u00e1ci ti\u0161e sed\u00ed a sna\u017e\u00ed se zapsat si v\u0161e, co bylo \u0159e\u010deno. Probl\u00e9mem se v takov\u00e9m p\u0159\u00edpad\u011b st\u00e1v\u00e1 jen rychlost kantorovy mluvy.&#13; Pr\u00e1v\u011b tento obr\u00e1zek by se ale nem\u011bl ve v\u011bt\u0161\u00ed m\u00ed\u0159e na dne\u0161n\u00edch \u0161kol\u00e1ch vyskytovat. Snahou o zlep\u0161en\u00ed pom\u011br\u016f a v\u00fduky na \u010desk\u00fdch \u0161kol\u00e1ch se ji\u017e mnoho let zab\u00fdv\u00e1 velk\u00e1 skupina odborn\u00edk\u016f. V\u00fd\u0161e popsan\u00e1 hromadn\u00e1 neboli front\u00e1ln\u00ed v\u00fduka je zalo\u017eena na osobnosti u\u010ditele a \u017e\u00e1ci do jeho v\u00fdkladu t\u00e9m\u011b\u0159 nezasahuj\u00ed.&#13; V\u011bt\u0161\u00ed d\u016fraz je nyn\u00ed d\u00e1v\u00e1n na skupinovou \u010di kooperativn\u00ed v\u00fduku. Zde \u017e\u00e1ci pracuj\u00ed v mal\u00fdch skupink\u00e1ch a spole\u010dn\u011b \u0159e\u0161\u00ed zadan\u00fd probl\u00e9m. U\u010d\u00ed se takto respektovat n\u00e1zor druh\u00fdch, p\u0159ij\u00edmat kompromisn\u00ed \u0159e\u0161en\u00ed, ale tak\u00e9 si vlastn\u00ed n\u00e1zor obh\u00e1jit. U\u010ditel zde pot\u00e9 p\u016fsob\u00ed sp\u00ed\u0161e jako partner ne\u017e jako v\u016fd\u010d\u00ed osobnost.Individualizovan\u00e1 v\u00fduka, hraj\u00edc\u00ed hlavn\u00ed roli sp\u00ed\u0161e na alternativn\u00edch \u0161kol\u00e1ch, je postavena na schopnosti \u017e\u00e1ka zvl\u00e1dnout danou problematiku samostatn\u011b a pono\u0159it se do probl\u00e9mu s c\u00edlem naj\u00edt jeho \u0159e\u0161en\u00ed. V tomto p\u0159\u00edpad\u011b se ale jedn\u00e1 o zna\u010dn\u011b pokro\u010dilou formu, kterou nezvl\u00e1dne \u00fapln\u011b ka\u017ed\u00fd.&#13; Up\u0159ednost\u0148ovat jednu formu v\u00fduky p\u0159ed druhou je pom\u011brn\u011b zapeklit\u00e1 v\u011bc. V ide\u00e1ln\u00edm stavu by se m\u011bly v\u0161echny prom\u00edchat a existovat ve vyv\u00e1\u017een\u00e9 form\u011b vedle sebe. Nen\u00ed nutn\u00e9 p\u0159eci zcela o\u010der\u0148ovat v\u00fdklad u\u010ditele. Je d\u016fle\u017eit\u00e9 l\u00e1tku d\u011btem p\u0159edat ve srozumiteln\u00e9 form\u011b. O jej\u00edm dal\u0161\u00edm rozv\u00edjen\u00ed se pot\u00e9 mohou d\u011bti pokusit pr\u00e1v\u011b b\u011bhem pr\u00e1ce ve skupin\u00e1ch.&#13; P\u0159\u00edpadn\u00e9 zapeklit\u011bj\u0161\u00ed probl\u00e9my mohou nakonec do\u0159e\u0161it vybran\u00ed jednotlivci.&#13; Mnoho des\u00edtek let fungovala ve vzd\u011bl\u00e1v\u00e1n\u00ed front\u00e1ln\u00ed v\u00fduka bez probl\u00e9m\u016f a \u017e\u00e1ci si odn\u00e1\u0161eli ze \u0161kol dostate\u010dn\u00e9 penzum znalost\u00ed. Nyn\u00ed se sna\u017e\u00edme o co nejmodern\u011bj\u0161\u00ed p\u0159\u00edstup, ale znalosti d\u011bt\u00ed jaksi pokulh\u00e1vaj\u00ed. Naj\u00edt p\u0159ijatelnou cestu je doufejme hudba bl\u00edzk\u00e9 budoucnosti. Ne v\u017edy je nejmodern\u011bj\u0161\u00ed z\u00e1rove\u0148 t\u00edm nejlep\u0161\u00edm.                                                                                                                                                                                                                                                                                                                                                                                        4.3\/5 - (7 votes)        "},{"@context":"https:\/\/schema.org\/","@type":"BreadcrumbList","itemListElement":[{"@type":"ListItem","position":1,"name":"Jak\u00fdm stylem se u\u010d\u00ed na \u010desk\u00fdch \u0161kol\u00e1ch","item":"https:\/\/www.adoniel.cz\/jakym-stylem-se-uci-na-ceskych-skolach\/#breadcrumbitem"}]}]