[{"@context":"https:\/\/schema.org\/","@type":"Article","@id":"https:\/\/www.adoniel.cz\/k-dispozici-jsou-pro-zakazniky-nahradni-vozidla\/#Article","mainEntityOfPage":"https:\/\/www.adoniel.cz\/k-dispozici-jsou-pro-zakazniky-nahradni-vozidla\/","headline":"K dispozici jsou pro z\u00e1kazn\u00edky n\u00e1hradn\u00ed vozidla","name":"K dispozici jsou pro z\u00e1kazn\u00edky n\u00e1hradn\u00ed vozidla","description":"R\u00e1di bychom v\u00e1s informovali o mo\u017enostech na\u0161eho Audi servisu. M\u00e1te probl\u00e9my se sv\u00fdm vozidlem? P\u0159ivezte ho k n\u00e1m, abychom ho mohli uk\u00e1zat na\u0161im odborn\u00edk\u016fm. Jen oni budou schopni posoudit jejich technick\u00fd stav a v p\u0159\u00edpad\u011b pot\u0159eby zajistit i jejich opravu. Budeme r\u00e1di, kdy\u017e na\u0161ich slu\u017eeb vyu\u017eijete i vy. T\u011b\u0161\u00edme se na spolupr\u00e1ci s v\u00e1mi. Jsme","datePublished":"2025-01-04","dateModified":"2025-01-04","author":{"@type":"Person","@id":"https:\/\/www.adoniel.cz\/author\/#Person","name":"","url":"https:\/\/www.adoniel.cz\/author\/","identifier":1,"image":{"@type":"ImageObject","@id":"https:\/\/secure.gravatar.com\/avatar\/4faace62981be50719be6a25151192978e6d585737a520836dcb98934de3bb45?s=96&d=mm&r=g","url":"https:\/\/secure.gravatar.com\/avatar\/4faace62981be50719be6a25151192978e6d585737a520836dcb98934de3bb45?s=96&d=mm&r=g","height":96,"width":96}},"publisher":{"@type":"Organization","name":"adoniel.cz","logo":{"@type":"ImageObject","@id":"\/logo.png","url":"\/logo.png","width":600,"height":60}},"url":"https:\/\/www.adoniel.cz\/k-dispozici-jsou-pro-zakazniky-nahradni-vozidla\/","wordCount":178,"articleBody":"R\u00e1di bychom v\u00e1s informovali o mo\u017enostech na\u0161eho Audi servisu. M\u00e1te probl\u00e9my se sv\u00fdm vozidlem? P\u0159ivezte ho k n\u00e1m, abychom ho mohli uk\u00e1zat na\u0161im odborn\u00edk\u016fm. Jen oni budou schopni posoudit jejich technick\u00fd stav a v p\u0159\u00edpad\u011b pot\u0159eby zajistit i jejich opravu. Budeme r\u00e1di, kdy\u017e na\u0161ich slu\u017eeb vyu\u017eijete i vy. T\u011b\u0161\u00edme se na spolupr\u00e1ci s v\u00e1mi. Jsme tady pro v\u00e1s. K z\u00e1kazn\u00edk\u016fm vol\u00edme individu\u00e1ln\u00ed p\u0159\u00edstup Ka\u017ed\u00fd, kdo se hodl\u00e1 vydat na cesty, by m\u011bl m\u00edt sv\u016fj automobil v \u00fapln\u00e9m po\u0159\u00e1dku. Jen tak budou na silnic\u00edch v bezpe\u010d\u00ed v\u0161ichni \u00fa\u010dastn\u00edci silni\u010dn\u00edho provozu. Proto p\u0159ed del\u0161\u00ed cestou n\u00e1\u0161 Audi servis doporu\u010duje nechat si ho prohl\u00e9dnout. Na\u0161i odborn\u00edci v\u00e1m \u0159eknou, jak to s n\u00edm vypad\u00e1, p\u0159\u00edpadn\u011b co je zapot\u0159eb\u00ed ud\u011blat. Po odstran\u011bn\u00ed p\u0159\u00edpadn\u00fdch z\u00e1vad m\u016f\u017eete vyrazit.                                                                                                                                                                                                                                                                                                                                                                                        4.5\/5 - (4 votes)        "},{"@context":"https:\/\/schema.org\/","@type":"BreadcrumbList","itemListElement":[{"@type":"ListItem","position":1,"name":"K dispozici jsou pro z\u00e1kazn\u00edky n\u00e1hradn\u00ed vozidla","item":"https:\/\/www.adoniel.cz\/k-dispozici-jsou-pro-zakazniky-nahradni-vozidla\/#breadcrumbitem"}]}]