[{"@context":"https:\/\/schema.org\/","@type":"Article","@id":"https:\/\/www.adoniel.cz\/skvele-keramicke-noze-do-vasi-kuchyne\/#Article","mainEntityOfPage":"https:\/\/www.adoniel.cz\/skvele-keramicke-noze-do-vasi-kuchyne\/","headline":"Skv\u011bl\u00e9 keramick\u00e9 no\u017ee do va\u0161\u00ed kuchyn\u011b","name":"Skv\u011bl\u00e9 keramick\u00e9 no\u017ee do va\u0161\u00ed kuchyn\u011b","description":"Pat\u0159\u00edte tak\u00e9 mezi milovn\u00edky nejr\u016fzn\u011bj\u0161\u00edch druh\u016f ovoce a zeleniny? R\u00e1di si p\u0159ipravujete b\u00e1je\u010dn\u00e9 sal\u00e1ty, na kter\u00fdch si potom spole\u010dn\u011b se svou rodinou \u010di kamar\u00e1dy pochutn\u00e1v\u00e1te? V\u00edte, ale o tom, \u017ee p\u0159i b\u011b\u017en\u00e9m kr\u00e1jen\u00ed ovoce a zeleniny se z dan\u00fdch plodin ztr\u00e1cej\u00ed skoro v\u0161echny vitam\u00edny? A vitam\u00edny jsou jedn\u00edm z hlavn\u00edch d\u016fvod\u016f pro\u010d vlastn\u011b ovoce a","datePublished":"2025-03-08","dateModified":"2025-03-08","author":{"@type":"Person","@id":"https:\/\/www.adoniel.cz\/author\/#Person","name":"","url":"https:\/\/www.adoniel.cz\/author\/","identifier":1,"image":{"@type":"ImageObject","@id":"https:\/\/secure.gravatar.com\/avatar\/4faace62981be50719be6a25151192978e6d585737a520836dcb98934de3bb45?s=96&d=mm&r=g","url":"https:\/\/secure.gravatar.com\/avatar\/4faace62981be50719be6a25151192978e6d585737a520836dcb98934de3bb45?s=96&d=mm&r=g","height":96,"width":96}},"publisher":{"@type":"Organization","name":"adoniel.cz","logo":{"@type":"ImageObject","@id":"\/logo.png","url":"\/logo.png","width":600,"height":60}},"url":"https:\/\/www.adoniel.cz\/skvele-keramicke-noze-do-vasi-kuchyne\/","wordCount":405,"articleBody":"Pat\u0159\u00edte tak\u00e9 mezi milovn\u00edky nejr\u016fzn\u011bj\u0161\u00edch druh\u016f ovoce a zeleniny? R\u00e1di si p\u0159ipravujete b\u00e1je\u010dn\u00e9 sal\u00e1ty, na kter\u00fdch si potom spole\u010dn\u011b se svou rodinou \u010di kamar\u00e1dy pochutn\u00e1v\u00e1te? V\u00edte, ale o tom, \u017ee p\u0159i b\u011b\u017en\u00e9m kr\u00e1jen\u00ed ovoce a zeleniny se z dan\u00fdch plodin ztr\u00e1cej\u00ed skoro v\u0161echny vitam\u00edny? A vitam\u00edny jsou jedn\u00edm z hlavn\u00edch d\u016fvod\u016f pro\u010d vlastn\u011b ovoce a zeleninu j\u00edme! Ovoce a zelenina bez vitam\u00edn\u016f nejsou ono a va\u0161emu organismu ani nijak z\u00e1zra\u010dn\u011b neprosp\u011bj\u00ed! A z tohoto a mnoha jin\u00fdch d\u016fvod\u016f vymyslela modern\u00ed technika a v\u011bda skv\u011bl\u00e9 keramick\u00e9 no\u017ee! Pokud toti\u017e budete kr\u00e1jet ovoce \u010di zeleninu keramick\u00fdmi no\u017ei, m\u00e1te stoprocentn\u00ed jistotu, \u017ee se v\u00e1m z t\u011bchto b\u00e1je\u010dn\u00fdch plodin neztrat\u00ed ani jeden vitam\u00edn! A to je p\u0159eci to, co p\u0159esn\u011b chcete! Nev\u00e1hejte tedy a po\u0159i\u010fte si spolehliv\u00e9 a hlavn\u011b kvalitn\u00ed keramick\u00e9 no\u017ee do va\u0161\u00ed kuchyn\u011b a va\u0161e pokrmy budou mnohem chutn\u011bj\u0161\u00ed, zdrav\u011bj\u0161\u00ed a pln\u00e9 vitam\u00edn\u016f. Nav\u00edc v na\u0161em internetov\u00e9m obchod\u011b m\u016f\u017eete zakoupit keramick\u00fd n\u016f\u017e za opravdu v\u00fdhodnou cenu, kterou jinde v obchod\u011b nenaleznete!V\u00fdhody keramick\u00fdch no\u017e\u016fV p\u0159edchoz\u00edm \u010dl\u00e1nku jsme zm\u00ednili jednu z hlavn\u00edch v\u00fdhod keramick\u00fdch no\u017e\u016f a tou je, \u017ee p\u0159i kr\u00e1jen\u00ed ovoce a zeleniny pr\u00e1v\u011b keramick\u00fdmi no\u017ei se neztr\u00e1c\u00ed \u017e\u00e1dn\u00e9 vitam\u00edny. B\u00e1je\u010dn\u00e9 keramick\u00e9 no\u017ee maj\u00ed ov\u0161em mnohem v\u00edce v\u00fdhod a p\u0159ednost\u00ed, ne\u017e pouze zachov\u00e1n\u00ed vitam\u00edn\u016f p\u0159i kr\u00e1jen\u00ed. Dal\u0161\u00edm nesporn\u00fdm kladem keramick\u00fdch no\u017e\u016f je to, \u017ee se jejich \u010depel nikdy neztup\u00ed a v\u00e1m tak odpad\u00e1 nutnost no\u017ee brousit. J\u00eddlo, kter\u00e9 budete no\u017ei kr\u00e1jet, si zachov\u00e1 svou \u010derstvost, neztrat\u00ed chu\u0165, barvu, neoschne. Nav\u00edc kysel\u00e9 \u0161\u0165\u00e1vy z ovoce a zeleniny nijak nep\u016fsob\u00ed na \u010depel no\u017ee, nemus\u00edte se tedy ob\u00e1vat, \u017ee by v\u00e1m snad keramick\u00fd n\u016f\u017e zrezl. To se nikdy nestane! D\u00edky keramick\u00e9 \u010depeli se k no\u017ei nelep\u00ed ovoce, zelenina ani maso, co\u017e je dal\u0161\u00ed ohromn\u00e1 v\u00fdhoda t\u011bchto b\u00e1je\u010dn\u00fdch keramick\u00fdch no\u017e\u016f, kterou mus\u00edte vyu\u017e\u00edt!                                                                                                                                                                                                                                                                                                                                                                                        5\/5 - (1 vote)        "},{"@context":"https:\/\/schema.org\/","@type":"BreadcrumbList","itemListElement":[{"@type":"ListItem","position":1,"name":"Skv\u011bl\u00e9 keramick\u00e9 no\u017ee do va\u0161\u00ed kuchyn\u011b","item":"https:\/\/www.adoniel.cz\/skvele-keramicke-noze-do-vasi-kuchyne\/#breadcrumbitem"}]}]