[{"@context":"https:\/\/schema.org\/","@type":"Article","@id":"https:\/\/www.adoniel.cz\/vazy-co-vam-padnou\/#Article","mainEntityOfPage":"https:\/\/www.adoniel.cz\/vazy-co-vam-padnou\/","headline":"V\u00e1zy co v\u00e1m padnou","name":"V\u00e1zy co v\u00e1m padnou","description":"Hled\u00e1te obchod, ve kter\u00e9m byste na\u0161li p\u011bkn\u00e9 v\u00e1zy, kter\u00e9 by p\u0159esn\u011b padly do va\u0161\u00ed dom\u00e1cnosti? Pro\u0161li jste ji\u017e mnoho r\u016fzn\u00fdch obchod\u016f, ale st\u00e1le jste nena\u0161li nic, co by p\u0159esn\u011b odpov\u00eddalo va\u0161im p\u0159edstav\u00e1m? Tak u\u017e na nic ne\u010dekejte a pod\u00edvejte se na na\u0161i bohatou nab\u00eddku \u017d\u00e1dn\u00fd z\u00e1kazn\u00edk od n\u00e1s je\u0161t\u011b neode\u0161el nespokojen. Ani vy neodejdete s","datePublished":"2024-11-01","dateModified":"2024-11-01","author":{"@type":"Person","@id":"https:\/\/www.adoniel.cz\/author\/#Person","name":"","url":"https:\/\/www.adoniel.cz\/author\/","identifier":1,"image":{"@type":"ImageObject","@id":"https:\/\/secure.gravatar.com\/avatar\/4faace62981be50719be6a25151192978e6d585737a520836dcb98934de3bb45?s=96&d=mm&r=g","url":"https:\/\/secure.gravatar.com\/avatar\/4faace62981be50719be6a25151192978e6d585737a520836dcb98934de3bb45?s=96&d=mm&r=g","height":96,"width":96}},"publisher":{"@type":"Organization","name":"adoniel.cz","logo":{"@type":"ImageObject","@id":"\/logo.png","url":"\/logo.png","width":600,"height":60}},"url":"https:\/\/www.adoniel.cz\/vazy-co-vam-padnou\/","wordCount":253,"articleBody":"\tHled\u00e1te obchod, ve kter\u00e9m byste na\u0161li p\u011bkn\u00e9 v\u00e1zy, kter\u00e9 by p\u0159esn\u011b padly do va\u0161\u00ed dom\u00e1cnosti? Pro\u0161li jste ji\u017e mnoho r\u016fzn\u00fdch obchod\u016f, ale st\u00e1le jste nena\u0161li nic, co by p\u0159esn\u011b odpov\u00eddalo va\u0161im p\u0159edstav\u00e1m? Tak u\u017e na nic ne\u010dekejte a pod\u00edvejte se na na\u0161i bohatou nab\u00eddku \u017d\u00e1dn\u00fd z\u00e1kazn\u00edk od n\u00e1s je\u0161t\u011b neode\u0161el nespokojen. Ani vy neodejdete s pr\u00e1zdnou. U n\u00e1s si m\u016f\u017eete vybrat n\u00e1doby na kv\u011btiny nap\u0159\u00ed\u010d nejr\u016fzn\u011bj\u0161\u00edmi styly. A\u0165 u\u017e d\u00e1v\u00e1te p\u0159ednost modern\u011b, nebo rad\u011bji up\u0159ednost\u0148ujete starou architekturu. Vybrat si m\u016f\u017eete tak\u00e9 z r\u016fzn\u00fdch barev tak, aby bylo dolad\u011bn\u00ed va\u0161eho interi\u00e9ru skute\u010dn\u011b dokonal\u00e9.\tP\u0159in\u00e1\u0161\u00edme v\u00e1m kvalituNa\u0161i z\u00e1kazn\u00edci oce\u0148uj\u00ed hlavn\u011b kvalitu, n\u00e1paditost a samoz\u0159ejm\u011b tak\u00e9 n\u00edzk\u00e9 ceny. Ty jsou skute\u010dn\u011b velmi p\u0159\u00edv\u011btiv\u00e9 i p\u0159es to, \u017ee v\u00e1m nab\u00edz\u00edme poctivou pr\u00e1ci. U\u017e m\u00e1te vybr\u00e1no? Pokud ano, zap\u0159em\u00fd\u0161let m\u016f\u017eete tak\u00e9 o tom, zdali by se tyto n\u00e1doby na kv\u011btiny nehodili n\u011bkomu z va\u0161ich bl\u00edzk\u00fdch jako\u017eto v\u00e1no\u010dn\u00ed d\u00e1rek. P\u0159eci jen takov\u00fd d\u00e1rek je velmi praktick\u00fd a nen\u00ed nikdo, kdo by ho neocenil. Proto ur\u010dit\u011b nez\u016fst\u00e1vejte jen u jedn\u00e9 n\u00e1doby.                                                                                                                                                                                                                                                                                                                                                                                        4.7\/5 - (7 votes)        "},{"@context":"https:\/\/schema.org\/","@type":"BreadcrumbList","itemListElement":[{"@type":"ListItem","position":1,"name":"V\u00e1zy co v\u00e1m padnou","item":"https:\/\/www.adoniel.cz\/vazy-co-vam-padnou\/#breadcrumbitem"}]}]